{"id":42359,"date":"2024-10-30T20:00:23","date_gmt":"2024-10-30T20:00:23","guid":{"rendered":"https:\/\/olivetree.hu\/?p=42359"},"modified":"2025-01-31T20:47:47","modified_gmt":"2025-01-31T20:47:47","slug":"dunakanyar-fesztival-2025-kalandok-es-elmenyek-nagymaroson","status":"publish","type":"post","link":"http:\/\/olivetree.hu\/en\/dunakanyar-fesztival-2025-kalandok-es-elmenyek-nagymaroson\/","title":{"rendered":"Danube Bend Festival 2025"},"content":{"rendered":"<p>The 2025 Danube Bend Festival once again offers unforgettable experiences in Nagymaros. The event awaits visitors with a rich program offering, including concerts, theater performances, craft fairs, and gastronomic specialties.\u00a0<br>Fell\u00e9p\u0151k t\u00f6bbek k\u00f6z\u00f6tt: Dash, Dzs\u00fadl\u00f3, Belga, Quimby,<br><\/p>\n\n\n\n<p><\/p>\n\n\n\n<p><\/p>\n\n\n\n<p><\/p>","protected":false},"excerpt":{"rendered":"<p>A 2025-\u00f6s Dunakanyar Fesztiv\u00e1l ism\u00e9telten felejthetetlen \u00e9lm\u00e9nyeket k\u00edn\u00e1l Nagymaroson. A rendezv\u00e9ny gazdag programk\u00edn\u00e1lattal v\u00e1rja a l\u00e1togat\u00f3kat, bele\u00e9rtve koncerteket, sz\u00ednh\u00e1zi el\u0151ad\u00e1sokat, k\u00e9zm\u0171ves v\u00e1s\u00e1rokat, \u00e9s gasztron\u00f3miai k\u00fcl\u00f6nlegess\u00e9geket.\u00a0Fell\u00e9p\u0151k t\u00f6bbek k\u00f6z\u00f6tt: Dash, Dzs\u00fadl\u00f3, Belga,&hellip;<\/p>","protected":false},"author":2,"featured_media":42360,"comment_status":"open","ping_status":"open","sticky":false,"template":"","format":"standard","meta":{"footnotes":""},"categories":[268],"tags":[157,101,9],"class_list":["post-42359","post","type-post","status-publish","format-standard","has-post-thumbnail","hentry","category-blog","tag-guide","tag-sea","tag-vacation"],"yoast_head":"<!-- This site is optimized with the Yoast SEO plugin v26.3 - https:\/\/yoast.com\/wordpress\/plugins\/seo\/ -->\n<title>Dunakanyar Fesztiv\u00e1l 2025: Kalandok \u00e9s \u00c9lm\u00e9nyek Nagymaroson - Olive Tree Forest Cabin Original<\/title>\n<meta name=\"robots\" content=\"index, follow, max-snippet:-1, max-image-preview:large, max-video-preview:-1\" \/>\n<link rel=\"canonical\" href=\"http:\/\/olivetree.hu\/en\/dunakanyar-fesztival-2025-kalandok-es-elmenyek-nagymaroson\/\" \/>\n<meta property=\"og:locale\" content=\"en_US\" \/>\n<meta property=\"og:type\" content=\"article\" \/>\n<meta property=\"og:title\" content=\"Dunakanyar Fesztiv\u00e1l 2025: Kalandok \u00e9s \u00c9lm\u00e9nyek Nagymaroson - Olive Tree Forest Cabin Original\" \/>\n<meta property=\"og:description\" content=\"A 2025-\u00f6s Dunakanyar Fesztiv\u00e1l ism\u00e9telten felejthetetlen \u00e9lm\u00e9nyeket k\u00edn\u00e1l Nagymaroson. A rendezv\u00e9ny gazdag programk\u00edn\u00e1lattal v\u00e1rja a l\u00e1togat\u00f3kat, bele\u00e9rtve koncerteket, sz\u00ednh\u00e1zi el\u0151ad\u00e1sokat, k\u00e9zm\u0171ves v\u00e1s\u00e1rokat, \u00e9s gasztron\u00f3miai k\u00fcl\u00f6nlegess\u00e9geket.\u00a0Fell\u00e9p\u0151k t\u00f6bbek k\u00f6z\u00f6tt: Dash, Dzs\u00fadl\u00f3, Belga,&hellip;\" \/>\n<meta property=\"og:url\" content=\"http:\/\/olivetree.hu\/en\/dunakanyar-fesztival-2025-kalandok-es-elmenyek-nagymaroson\/\" \/>\n<meta property=\"og:site_name\" content=\"Olive Tree Forest Cabin Original\" \/>\n<meta property=\"article:published_time\" content=\"2024-10-30T20:00:23+00:00\" \/>\n<meta property=\"article:modified_time\" content=\"2025-01-31T20:47:47+00:00\" \/>\n<meta property=\"og:image\" content=\"http:\/\/olivetree.hu\/wp-content\/uploads\/2024\/07\/71274.jpg\" \/>\n\t<meta property=\"og:image:width\" content=\"1950\" \/>\n\t<meta property=\"og:image:height\" content=\"1300\" \/>\n\t<meta property=\"og:image:type\" content=\"image\/jpeg\" \/>\n<meta name=\"author\" content=\"joevasser\" \/>\n<meta name=\"twitter:card\" content=\"summary_large_image\" \/>\n<meta name=\"twitter:label1\" content=\"Written by\" \/>\n\t<meta name=\"twitter:data1\" content=\"joevasser\" \/>\n\t<meta name=\"twitter:label2\" content=\"Est. reading time\" \/>\n\t<meta name=\"twitter:data2\" content=\"1 minute\" \/>\n<script type=\"application\/ld+json\" class=\"yoast-schema-graph\">{\"@context\":\"https:\/\/schema.org\",\"@graph\":[{\"@type\":\"Article\",\"@id\":\"http:\/\/olivetree.hu\/en\/dunakanyar-fesztival-2025-kalandok-es-elmenyek-nagymaroson\/#article\",\"isPartOf\":{\"@id\":\"http:\/\/olivetree.hu\/en\/dunakanyar-fesztival-2025-kalandok-es-elmenyek-nagymaroson\/\"},\"author\":{\"name\":\"joevasser\",\"@id\":\"https:\/\/olivetree.hu\/#\/schema\/person\/d0ac742a88e68c4b1b669da78adf28de\"},\"headline\":\"Dunakanyar Fesztiv\u00e1l 2025: Kalandok \u00e9s \u00c9lm\u00e9nyek Nagymaroson\",\"datePublished\":\"2024-10-30T20:00:23+00:00\",\"dateModified\":\"2025-01-31T20:47:47+00:00\",\"mainEntityOfPage\":{\"@id\":\"http:\/\/olivetree.hu\/en\/dunakanyar-fesztival-2025-kalandok-es-elmenyek-nagymaroson\/\"},\"wordCount\":71,\"commentCount\":0,\"publisher\":{\"@id\":\"https:\/\/olivetree.hu\/#organization\"},\"image\":{\"@id\":\"http:\/\/olivetree.hu\/en\/dunakanyar-fesztival-2025-kalandok-es-elmenyek-nagymaroson\/#primaryimage\"},\"thumbnailUrl\":\"http:\/\/olivetree.hu\/wp-content\/uploads\/2024\/07\/71274.jpg\",\"keywords\":[\"Guide\",\"Sea\",\"Vacation\"],\"articleSection\":[\"Blog\"],\"inLanguage\":\"en-US\",\"potentialAction\":[{\"@type\":\"CommentAction\",\"name\":\"Comment\",\"target\":[\"http:\/\/olivetree.hu\/en\/dunakanyar-fesztival-2025-kalandok-es-elmenyek-nagymaroson\/#respond\"]}]},{\"@type\":\"WebPage\",\"@id\":\"http:\/\/olivetree.hu\/en\/dunakanyar-fesztival-2025-kalandok-es-elmenyek-nagymaroson\/\",\"url\":\"http:\/\/olivetree.hu\/en\/dunakanyar-fesztival-2025-kalandok-es-elmenyek-nagymaroson\/\",\"name\":\"Dunakanyar Fesztiv\u00e1l 2025: Kalandok \u00e9s \u00c9lm\u00e9nyek Nagymaroson - Olive Tree Forest Cabin Original\",\"isPartOf\":{\"@id\":\"https:\/\/olivetree.hu\/#website\"},\"primaryImageOfPage\":{\"@id\":\"http:\/\/olivetree.hu\/en\/dunakanyar-fesztival-2025-kalandok-es-elmenyek-nagymaroson\/#primaryimage\"},\"image\":{\"@id\":\"http:\/\/olivetree.hu\/en\/dunakanyar-fesztival-2025-kalandok-es-elmenyek-nagymaroson\/#primaryimage\"},\"thumbnailUrl\":\"http:\/\/olivetree.hu\/wp-content\/uploads\/2024\/07\/71274.jpg\",\"datePublished\":\"2024-10-30T20:00:23+00:00\",\"dateModified\":\"2025-01-31T20:47:47+00:00\",\"breadcrumb\":{\"@id\":\"http:\/\/olivetree.hu\/en\/dunakanyar-fesztival-2025-kalandok-es-elmenyek-nagymaroson\/#breadcrumb\"},\"inLanguage\":\"en-US\",\"potentialAction\":[{\"@type\":\"ReadAction\",\"target\":[\"http:\/\/olivetree.hu\/en\/dunakanyar-fesztival-2025-kalandok-es-elmenyek-nagymaroson\/\"]}]},{\"@type\":\"ImageObject\",\"inLanguage\":\"en-US\",\"@id\":\"http:\/\/olivetree.hu\/en\/dunakanyar-fesztival-2025-kalandok-es-elmenyek-nagymaroson\/#primaryimage\",\"url\":\"http:\/\/olivetree.hu\/wp-content\/uploads\/2024\/07\/71274.jpg\",\"contentUrl\":\"http:\/\/olivetree.hu\/wp-content\/uploads\/2024\/07\/71274.jpg\",\"width\":1950,\"height\":1300},{\"@type\":\"BreadcrumbList\",\"@id\":\"http:\/\/olivetree.hu\/en\/dunakanyar-fesztival-2025-kalandok-es-elmenyek-nagymaroson\/#breadcrumb\",\"itemListElement\":[{\"@type\":\"ListItem\",\"position\":1,\"name\":\"Home\",\"item\":\"https:\/\/olivetree.hu\/\"},{\"@type\":\"ListItem\",\"position\":2,\"name\":\"Dunakanyar Fesztiv\u00e1l 2025: Kalandok \u00e9s \u00c9lm\u00e9nyek Nagymaroson\"}]},{\"@type\":\"WebSite\",\"@id\":\"https:\/\/olivetree.hu\/#website\",\"url\":\"https:\/\/olivetree.hu\/\",\"name\":\"Olive Tree Forest Cabin Original\",\"description\":\"Olive Tree Forest Cabin Original\",\"publisher\":{\"@id\":\"https:\/\/olivetree.hu\/#organization\"},\"potentialAction\":[{\"@type\":\"SearchAction\",\"target\":{\"@type\":\"EntryPoint\",\"urlTemplate\":\"https:\/\/olivetree.hu\/?s={search_term_string}\"},\"query-input\":{\"@type\":\"PropertyValueSpecification\",\"valueRequired\":true,\"valueName\":\"search_term_string\"}}],\"inLanguage\":\"en-US\"},{\"@type\":\"Organization\",\"@id\":\"https:\/\/olivetree.hu\/#organization\",\"name\":\"Olive Tree Forest Cabin Original\",\"url\":\"https:\/\/olivetree.hu\/\",\"logo\":{\"@type\":\"ImageObject\",\"inLanguage\":\"en-US\",\"@id\":\"https:\/\/olivetree.hu\/#\/schema\/logo\/image\/\",\"url\":\"http:\/\/olivetree.hu\/wp-content\/uploads\/2020\/06\/Logo-original.png\",\"contentUrl\":\"http:\/\/olivetree.hu\/wp-content\/uploads\/2020\/06\/Logo-original.png\",\"width\":500,\"height\":500,\"caption\":\"Olive Tree Forest Cabin Original\"},\"image\":{\"@id\":\"https:\/\/olivetree.hu\/#\/schema\/logo\/image\/\"}},{\"@type\":\"Person\",\"@id\":\"https:\/\/olivetree.hu\/#\/schema\/person\/d0ac742a88e68c4b1b669da78adf28de\",\"name\":\"joevasser\",\"image\":{\"@type\":\"ImageObject\",\"inLanguage\":\"en-US\",\"@id\":\"https:\/\/olivetree.hu\/#\/schema\/person\/image\/\",\"url\":\"https:\/\/secure.gravatar.com\/avatar\/4bd8fdc69eab20843f05aaf4c78d969c1795173a9afb12e2b72caf2894fc1eba?s=96&d=mm&r=g\",\"contentUrl\":\"https:\/\/secure.gravatar.com\/avatar\/4bd8fdc69eab20843f05aaf4c78d969c1795173a9afb12e2b72caf2894fc1eba?s=96&d=mm&r=g\",\"caption\":\"joevasser\"},\"url\":\"http:\/\/olivetree.hu\/en\/author\/joevasser\/\"}]}<\/script>\n<!-- \/ Yoast SEO plugin. -->","yoast_head_json":{"title":"Dunakanyar Fesztiv\u00e1l 2025: Kalandok \u00e9s \u00c9lm\u00e9nyek Nagymaroson - Olive Tree Forest Cabin Original","robots":{"index":"index","follow":"follow","max-snippet":"max-snippet:-1","max-image-preview":"max-image-preview:large","max-video-preview":"max-video-preview:-1"},"canonical":"http:\/\/olivetree.hu\/en\/dunakanyar-fesztival-2025-kalandok-es-elmenyek-nagymaroson\/","og_locale":"en_US","og_type":"article","og_title":"Dunakanyar Fesztiv\u00e1l 2025: Kalandok \u00e9s \u00c9lm\u00e9nyek Nagymaroson - Olive Tree Forest Cabin Original","og_description":"A 2025-\u00f6s Dunakanyar Fesztiv\u00e1l ism\u00e9telten felejthetetlen \u00e9lm\u00e9nyeket k\u00edn\u00e1l Nagymaroson. A rendezv\u00e9ny gazdag programk\u00edn\u00e1lattal v\u00e1rja a l\u00e1togat\u00f3kat, bele\u00e9rtve koncerteket, sz\u00ednh\u00e1zi el\u0151ad\u00e1sokat, k\u00e9zm\u0171ves v\u00e1s\u00e1rokat, \u00e9s gasztron\u00f3miai k\u00fcl\u00f6nlegess\u00e9geket.\u00a0Fell\u00e9p\u0151k t\u00f6bbek k\u00f6z\u00f6tt: Dash, Dzs\u00fadl\u00f3, Belga,&hellip;","og_url":"http:\/\/olivetree.hu\/en\/dunakanyar-fesztival-2025-kalandok-es-elmenyek-nagymaroson\/","og_site_name":"Olive Tree Forest Cabin Original","article_published_time":"2024-10-30T20:00:23+00:00","article_modified_time":"2025-01-31T20:47:47+00:00","og_image":[{"width":1950,"height":1300,"url":"http:\/\/olivetree.hu\/wp-content\/uploads\/2024\/07\/71274.jpg","type":"image\/jpeg"}],"author":"joevasser","twitter_card":"summary_large_image","twitter_misc":{"Written by":"joevasser","Est. reading time":"1 minute"},"schema":{"@context":"https:\/\/schema.org","@graph":[{"@type":"Article","@id":"http:\/\/olivetree.hu\/en\/dunakanyar-fesztival-2025-kalandok-es-elmenyek-nagymaroson\/#article","isPartOf":{"@id":"http:\/\/olivetree.hu\/en\/dunakanyar-fesztival-2025-kalandok-es-elmenyek-nagymaroson\/"},"author":{"name":"joevasser","@id":"https:\/\/olivetree.hu\/#\/schema\/person\/d0ac742a88e68c4b1b669da78adf28de"},"headline":"Dunakanyar Fesztiv\u00e1l 2025: Kalandok \u00e9s \u00c9lm\u00e9nyek Nagymaroson","datePublished":"2024-10-30T20:00:23+00:00","dateModified":"2025-01-31T20:47:47+00:00","mainEntityOfPage":{"@id":"http:\/\/olivetree.hu\/en\/dunakanyar-fesztival-2025-kalandok-es-elmenyek-nagymaroson\/"},"wordCount":71,"commentCount":0,"publisher":{"@id":"https:\/\/olivetree.hu\/#organization"},"image":{"@id":"http:\/\/olivetree.hu\/en\/dunakanyar-fesztival-2025-kalandok-es-elmenyek-nagymaroson\/#primaryimage"},"thumbnailUrl":"http:\/\/olivetree.hu\/wp-content\/uploads\/2024\/07\/71274.jpg","keywords":["Guide","Sea","Vacation"],"articleSection":["Blog"],"inLanguage":"en-US","potentialAction":[{"@type":"CommentAction","name":"Comment","target":["http:\/\/olivetree.hu\/en\/dunakanyar-fesztival-2025-kalandok-es-elmenyek-nagymaroson\/#respond"]}]},{"@type":"WebPage","@id":"http:\/\/olivetree.hu\/en\/dunakanyar-fesztival-2025-kalandok-es-elmenyek-nagymaroson\/","url":"http:\/\/olivetree.hu\/en\/dunakanyar-fesztival-2025-kalandok-es-elmenyek-nagymaroson\/","name":"Dunakanyar Fesztiv\u00e1l 2025: Kalandok \u00e9s \u00c9lm\u00e9nyek Nagymaroson - Olive Tree Forest Cabin Original","isPartOf":{"@id":"https:\/\/olivetree.hu\/#website"},"primaryImageOfPage":{"@id":"http:\/\/olivetree.hu\/en\/dunakanyar-fesztival-2025-kalandok-es-elmenyek-nagymaroson\/#primaryimage"},"image":{"@id":"http:\/\/olivetree.hu\/en\/dunakanyar-fesztival-2025-kalandok-es-elmenyek-nagymaroson\/#primaryimage"},"thumbnailUrl":"http:\/\/olivetree.hu\/wp-content\/uploads\/2024\/07\/71274.jpg","datePublished":"2024-10-30T20:00:23+00:00","dateModified":"2025-01-31T20:47:47+00:00","breadcrumb":{"@id":"http:\/\/olivetree.hu\/en\/dunakanyar-fesztival-2025-kalandok-es-elmenyek-nagymaroson\/#breadcrumb"},"inLanguage":"en-US","potentialAction":[{"@type":"ReadAction","target":["http:\/\/olivetree.hu\/en\/dunakanyar-fesztival-2025-kalandok-es-elmenyek-nagymaroson\/"]}]},{"@type":"ImageObject","inLanguage":"en-US","@id":"http:\/\/olivetree.hu\/en\/dunakanyar-fesztival-2025-kalandok-es-elmenyek-nagymaroson\/#primaryimage","url":"http:\/\/olivetree.hu\/wp-content\/uploads\/2024\/07\/71274.jpg","contentUrl":"http:\/\/olivetree.hu\/wp-content\/uploads\/2024\/07\/71274.jpg","width":1950,"height":1300},{"@type":"BreadcrumbList","@id":"http:\/\/olivetree.hu\/en\/dunakanyar-fesztival-2025-kalandok-es-elmenyek-nagymaroson\/#breadcrumb","itemListElement":[{"@type":"ListItem","position":1,"name":"Home","item":"https:\/\/olivetree.hu\/"},{"@type":"ListItem","position":2,"name":"Dunakanyar Fesztiv\u00e1l 2025: Kalandok \u00e9s \u00c9lm\u00e9nyek Nagymaroson"}]},{"@type":"WebSite","@id":"https:\/\/olivetree.hu\/#website","url":"https:\/\/olivetree.hu\/","name":"Olive Tree Forest Cabin Original","description":"Olive Tree Forest Cabin Original","publisher":{"@id":"https:\/\/olivetree.hu\/#organization"},"potentialAction":[{"@type":"SearchAction","target":{"@type":"EntryPoint","urlTemplate":"https:\/\/olivetree.hu\/?s={search_term_string}"},"query-input":{"@type":"PropertyValueSpecification","valueRequired":true,"valueName":"search_term_string"}}],"inLanguage":"en-US"},{"@type":"Organization","@id":"https:\/\/olivetree.hu\/#organization","name":"Olive Tree Forest Cabin Original","url":"https:\/\/olivetree.hu\/","logo":{"@type":"ImageObject","inLanguage":"en-US","@id":"https:\/\/olivetree.hu\/#\/schema\/logo\/image\/","url":"http:\/\/olivetree.hu\/wp-content\/uploads\/2020\/06\/Logo-original.png","contentUrl":"http:\/\/olivetree.hu\/wp-content\/uploads\/2020\/06\/Logo-original.png","width":500,"height":500,"caption":"Olive Tree Forest Cabin Original"},"image":{"@id":"https:\/\/olivetree.hu\/#\/schema\/logo\/image\/"}},{"@type":"Person","@id":"https:\/\/olivetree.hu\/#\/schema\/person\/d0ac742a88e68c4b1b669da78adf28de","name":"joevasser","image":{"@type":"ImageObject","inLanguage":"en-US","@id":"https:\/\/olivetree.hu\/#\/schema\/person\/image\/","url":"https:\/\/secure.gravatar.com\/avatar\/4bd8fdc69eab20843f05aaf4c78d969c1795173a9afb12e2b72caf2894fc1eba?s=96&d=mm&r=g","contentUrl":"https:\/\/secure.gravatar.com\/avatar\/4bd8fdc69eab20843f05aaf4c78d969c1795173a9afb12e2b72caf2894fc1eba?s=96&d=mm&r=g","caption":"joevasser"},"url":"http:\/\/olivetree.hu\/en\/author\/joevasser\/"}]}},"_links":{"self":[{"href":"http:\/\/olivetree.hu\/en\/wp-json\/wp\/v2\/posts\/42359","targetHints":{"allow":["GET"]}}],"collection":[{"href":"http:\/\/olivetree.hu\/en\/wp-json\/wp\/v2\/posts"}],"about":[{"href":"http:\/\/olivetree.hu\/en\/wp-json\/wp\/v2\/types\/post"}],"author":[{"embeddable":true,"href":"http:\/\/olivetree.hu\/en\/wp-json\/wp\/v2\/users\/2"}],"replies":[{"embeddable":true,"href":"http:\/\/olivetree.hu\/en\/wp-json\/wp\/v2\/comments?post=42359"}],"version-history":[{"count":4,"href":"http:\/\/olivetree.hu\/en\/wp-json\/wp\/v2\/posts\/42359\/revisions"}],"predecessor-version":[{"id":42542,"href":"http:\/\/olivetree.hu\/en\/wp-json\/wp\/v2\/posts\/42359\/revisions\/42542"}],"wp:featuredmedia":[{"embeddable":true,"href":"http:\/\/olivetree.hu\/en\/wp-json\/wp\/v2\/media\/42360"}],"wp:attachment":[{"href":"http:\/\/olivetree.hu\/en\/wp-json\/wp\/v2\/media?parent=42359"}],"wp:term":[{"taxonomy":"category","embeddable":true,"href":"http:\/\/olivetree.hu\/en\/wp-json\/wp\/v2\/categories?post=42359"},{"taxonomy":"post_tag","embeddable":true,"href":"http:\/\/olivetree.hu\/en\/wp-json\/wp\/v2\/tags?post=42359"}],"curies":[{"name":"wp","href":"https:\/\/api.w.org\/{rel}","templated":true}]}}