{"id":42529,"date":"2025-01-25T19:23:00","date_gmt":"2025-01-25T19:23:00","guid":{"rendered":"https:\/\/olivetree.hu\/?p=42529"},"modified":"2025-01-31T20:54:14","modified_gmt":"2025-01-31T20:54:14","slug":"venegy-fesztival-es-szinhazi-talalkozo","status":"publish","type":"post","link":"http:\/\/olivetree.hu\/en\/venegy-fesztival-es-szinhazi-talalkozo\/","title":{"rendered":"V\u00e9N\u00e9gy Fesztiv\u00e1l \u00e9s Sz\u00ednh\u00e1zi Tal\u00e1lkoz\u00f3"},"content":{"rendered":"<div data-elementor-type=\"wp-post\" data-elementor-id=\"42529\" class=\"elementor elementor-42529\">\n\t\t\t\t\t\t<section class=\"elementor-section elementor-top-section elementor-element elementor-element-2c0c7dbc elementor-section-boxed elementor-section-height-default elementor-section-height-default sc_fly_static\" data-id=\"2c0c7dbc\" data-element_type=\"section\">\n\t\t\t\t\t\t<div class=\"elementor-container elementor-column-gap-extended\">\n\t\t\t\t\t<div class=\"elementor-column elementor-col-100 elementor-top-column elementor-element elementor-element-38ef2b40 sc_inner_width_none sc_content_align_inherit sc_layouts_column_icons_position_left sc_fly_static\" data-id=\"38ef2b40\" data-element_type=\"column\">\n\t\t\t<div class=\"elementor-widget-wrap elementor-element-populated\">\n\t\t\t\t\t\t<div class=\"elementor-element elementor-element-c559038 sc_fly_static elementor-widget elementor-widget-text-editor\" data-id=\"c559038\" data-element_type=\"widget\" data-widget_type=\"text-editor.default\">\n\t\t\t\t<div class=\"elementor-widget-container\">\n\t\t\t\t\t\t\t\t\t<p><\/p>\n<p>2025. j\u00falius 2-5. k\u00f6z\u00f6tt tizenkettedik alkalommal rendezik meg Nagymaroson. Ez a k\u00fcl\u00f6nleges rendezv\u00e9ny nemcsak zenei fesztiv\u00e1l, hanem a sz\u00ednh\u00e1z \u00e9s m\u00e1s m\u0171v\u00e9szeti form\u00e1k is fontos szerepet kapnak. A fesztiv\u00e1l nemzetk\u00f6zi el\u0151ad\u00f3kat \u00e9s hazai szt\u00e1rokat vonultat fel.<\/p><p>A fesztiv\u00e1l zenei k\u00edn\u00e1lata id\u00e9n is leny\u0171g\u00f6z\u0151:<\/p><ul><li><p><strong>K\u00fclf\u00f6ldi fell\u00e9p\u0151k:&nbsp;<\/strong><em style=\"font-size: 16px; background-color: var(--theme-color-bg_color); color: var(--theme-color-text); letter-spacing: 0px;\">Cari Cari<\/em><span style=\"font-size: 16px; background-color: var(--theme-color-bg_color); color: var(--theme-color-text); letter-spacing: 0px;\">,&nbsp;<\/span><em style=\"font-size: 16px; background-color: var(--theme-color-bg_color); color: var(--theme-color-text); letter-spacing: 0px;\">Kosheen<\/em><\/p><\/li><li><p><strong>Hazai el\u0151ad\u00f3k:&nbsp;<\/strong><em style=\"font-size: 16px; background-color: var(--theme-color-bg_color); color: var(--theme-color-text); letter-spacing: 0px;\">30Y<\/em><span style=\"font-size: 16px; background-color: var(--theme-color-bg_color); color: var(--theme-color-text); letter-spacing: 0px;\">,&nbsp;<\/span><em style=\"font-size: 16px; background-color: var(--theme-color-bg_color); color: var(--theme-color-text); letter-spacing: 0px;\">Beton.Hofi,&nbsp;<\/em><em style=\"font-size: 16px; background-color: var(--theme-color-bg_color); color: var(--theme-color-text); letter-spacing: 0px;\">Analog Balaton<\/em><span style=\"font-size: 16px; background-color: var(--theme-color-bg_color); color: var(--theme-color-text); letter-spacing: 0px;\">,&nbsp;<\/span><em style=\"font-size: 16px; background-color: var(--theme-color-bg_color); color: var(--theme-color-text); letter-spacing: 0px;\">Dzs\u00fadl\u00f3<\/em><span style=\"font-size: 16px; background-color: var(--theme-color-bg_color); color: var(--theme-color-text); letter-spacing: 0px;\">,&nbsp;<\/span><em style=\"font-size: 16px; background-color: var(--theme-color-bg_color); color: var(--theme-color-text); letter-spacing: 0px;\">Elef\u00e1nt<\/em><span style=\"font-size: 16px; background-color: var(--theme-color-bg_color); color: var(--theme-color-text); letter-spacing: 0px;\">, A<\/span><em style=\"font-size: 16px; background-color: var(--theme-color-bg_color); color: var(--theme-color-text); letter-spacing: 0px;\">WS<\/em><\/p><\/li><\/ul><p>A zenei programok mellett a fesztiv\u00e1l sz\u00ednh\u00e1zi el\u0151ad\u00e1sokkal is v\u00e1rja a l\u00e1togat\u00f3kat, \u00edgy a kult\u00fara szerelmesei is megtal\u00e1lj\u00e1k a sz\u00e1mukra \u00e9rdekes programokat.<\/p><p><a href=\"https:\/\/venegyfesztival.hu\/\">https:\/\/venegyfesztival.hu\/<\/a><\/p>\n<p><\/p>\n<p><\/p>\t\t\t\t\t\t\t\t<\/div>\n\t\t\t\t<\/div>\n\t\t\t\t\t<\/div>\n\t\t<\/div>\n\t\t\t\t\t<\/div>\n\t\t<\/section>\n\t\t\t\t<\/div>","protected":false},"excerpt":{"rendered":"<p>2025. j\u00falius 2-5. k\u00f6z\u00f6tt tizenkettedik alkalommal rendezik meg Nagymaroson. Ez a k\u00fcl\u00f6nleges rendezv\u00e9ny nemcsak zenei fesztiv\u00e1l, hanem a sz\u00ednh\u00e1z \u00e9s m\u00e1s m\u0171v\u00e9szeti form\u00e1k is fontos szerepet kapnak. A fesztiv\u00e1l nemzetk\u00f6zi&hellip;<\/p>","protected":false},"author":2,"featured_media":42530,"comment_status":"open","ping_status":"open","sticky":false,"template":"","format":"standard","meta":{"footnotes":""},"categories":[268],"tags":[],"class_list":["post-42529","post","type-post","status-publish","format-standard","has-post-thumbnail","hentry","category-blog"],"yoast_head":"<!-- This site is optimized with the Yoast SEO plugin v26.3 - https:\/\/yoast.com\/wordpress\/plugins\/seo\/ -->\n<title>V\u00e9N\u00e9gy Fesztiv\u00e1l \u00e9s Sz\u00ednh\u00e1zi Tal\u00e1lkoz\u00f3 - Olive Tree Forest Cabin Original<\/title>\n<meta name=\"robots\" content=\"index, follow, max-snippet:-1, max-image-preview:large, max-video-preview:-1\" \/>\n<link rel=\"canonical\" href=\"http:\/\/olivetree.hu\/en\/venegy-fesztival-es-szinhazi-talalkozo\/\" \/>\n<meta property=\"og:locale\" content=\"en_US\" \/>\n<meta property=\"og:type\" content=\"article\" \/>\n<meta property=\"og:title\" content=\"V\u00e9N\u00e9gy Fesztiv\u00e1l \u00e9s Sz\u00ednh\u00e1zi Tal\u00e1lkoz\u00f3 - Olive Tree Forest Cabin Original\" \/>\n<meta property=\"og:description\" content=\"2025. j\u00falius 2-5. k\u00f6z\u00f6tt tizenkettedik alkalommal rendezik meg Nagymaroson. Ez a k\u00fcl\u00f6nleges rendezv\u00e9ny nemcsak zenei fesztiv\u00e1l, hanem a sz\u00ednh\u00e1z \u00e9s m\u00e1s m\u0171v\u00e9szeti form\u00e1k is fontos szerepet kapnak. A fesztiv\u00e1l nemzetk\u00f6zi&hellip;\" \/>\n<meta property=\"og:url\" content=\"http:\/\/olivetree.hu\/en\/venegy-fesztival-es-szinhazi-talalkozo\/\" \/>\n<meta property=\"og:site_name\" content=\"Olive Tree Forest Cabin Original\" \/>\n<meta property=\"article:published_time\" content=\"2025-01-25T19:23:00+00:00\" \/>\n<meta property=\"article:modified_time\" content=\"2025-01-31T20:54:14+00:00\" \/>\n<meta property=\"og:image\" content=\"http:\/\/olivetree.hu\/wp-content\/uploads\/2025\/01\/2023-10-30.jpg\" \/>\n\t<meta property=\"og:image:width\" content=\"1360\" \/>\n\t<meta property=\"og:image:height\" content=\"907\" \/>\n\t<meta property=\"og:image:type\" content=\"image\/jpeg\" \/>\n<meta name=\"author\" content=\"joevasser\" \/>\n<meta name=\"twitter:card\" content=\"summary_large_image\" \/>\n<meta name=\"twitter:label1\" content=\"Written by\" \/>\n\t<meta name=\"twitter:data1\" content=\"joevasser\" \/>\n\t<meta name=\"twitter:label2\" content=\"Est. reading time\" \/>\n\t<meta name=\"twitter:data2\" content=\"1 minute\" \/>\n<script type=\"application\/ld+json\" class=\"yoast-schema-graph\">{\"@context\":\"https:\/\/schema.org\",\"@graph\":[{\"@type\":\"Article\",\"@id\":\"http:\/\/olivetree.hu\/en\/venegy-fesztival-es-szinhazi-talalkozo\/#article\",\"isPartOf\":{\"@id\":\"http:\/\/olivetree.hu\/en\/venegy-fesztival-es-szinhazi-talalkozo\/\"},\"author\":{\"name\":\"joevasser\",\"@id\":\"https:\/\/olivetree.hu\/#\/schema\/person\/d0ac742a88e68c4b1b669da78adf28de\"},\"headline\":\"V\u00e9N\u00e9gy Fesztiv\u00e1l \u00e9s Sz\u00ednh\u00e1zi Tal\u00e1lkoz\u00f3\",\"datePublished\":\"2025-01-25T19:23:00+00:00\",\"dateModified\":\"2025-01-31T20:54:14+00:00\",\"mainEntityOfPage\":{\"@id\":\"http:\/\/olivetree.hu\/en\/venegy-fesztival-es-szinhazi-talalkozo\/\"},\"wordCount\":144,\"commentCount\":0,\"publisher\":{\"@id\":\"https:\/\/olivetree.hu\/#organization\"},\"image\":{\"@id\":\"http:\/\/olivetree.hu\/en\/venegy-fesztival-es-szinhazi-talalkozo\/#primaryimage\"},\"thumbnailUrl\":\"http:\/\/olivetree.hu\/wp-content\/uploads\/2025\/01\/2023-10-30.jpg\",\"articleSection\":[\"Blog\"],\"inLanguage\":\"en-US\",\"potentialAction\":[{\"@type\":\"CommentAction\",\"name\":\"Comment\",\"target\":[\"http:\/\/olivetree.hu\/en\/venegy-fesztival-es-szinhazi-talalkozo\/#respond\"]}]},{\"@type\":\"WebPage\",\"@id\":\"http:\/\/olivetree.hu\/en\/venegy-fesztival-es-szinhazi-talalkozo\/\",\"url\":\"http:\/\/olivetree.hu\/en\/venegy-fesztival-es-szinhazi-talalkozo\/\",\"name\":\"V\u00e9N\u00e9gy Fesztiv\u00e1l \u00e9s Sz\u00ednh\u00e1zi Tal\u00e1lkoz\u00f3 - Olive Tree Forest Cabin Original\",\"isPartOf\":{\"@id\":\"https:\/\/olivetree.hu\/#website\"},\"primaryImageOfPage\":{\"@id\":\"http:\/\/olivetree.hu\/en\/venegy-fesztival-es-szinhazi-talalkozo\/#primaryimage\"},\"image\":{\"@id\":\"http:\/\/olivetree.hu\/en\/venegy-fesztival-es-szinhazi-talalkozo\/#primaryimage\"},\"thumbnailUrl\":\"http:\/\/olivetree.hu\/wp-content\/uploads\/2025\/01\/2023-10-30.jpg\",\"datePublished\":\"2025-01-25T19:23:00+00:00\",\"dateModified\":\"2025-01-31T20:54:14+00:00\",\"breadcrumb\":{\"@id\":\"http:\/\/olivetree.hu\/en\/venegy-fesztival-es-szinhazi-talalkozo\/#breadcrumb\"},\"inLanguage\":\"en-US\",\"potentialAction\":[{\"@type\":\"ReadAction\",\"target\":[\"http:\/\/olivetree.hu\/en\/venegy-fesztival-es-szinhazi-talalkozo\/\"]}]},{\"@type\":\"ImageObject\",\"inLanguage\":\"en-US\",\"@id\":\"http:\/\/olivetree.hu\/en\/venegy-fesztival-es-szinhazi-talalkozo\/#primaryimage\",\"url\":\"http:\/\/olivetree.hu\/wp-content\/uploads\/2025\/01\/2023-10-30.jpg\",\"contentUrl\":\"http:\/\/olivetree.hu\/wp-content\/uploads\/2025\/01\/2023-10-30.jpg\",\"width\":1360,\"height\":907},{\"@type\":\"BreadcrumbList\",\"@id\":\"http:\/\/olivetree.hu\/en\/venegy-fesztival-es-szinhazi-talalkozo\/#breadcrumb\",\"itemListElement\":[{\"@type\":\"ListItem\",\"position\":1,\"name\":\"Home\",\"item\":\"https:\/\/olivetree.hu\/\"},{\"@type\":\"ListItem\",\"position\":2,\"name\":\"V\u00e9N\u00e9gy Fesztiv\u00e1l \u00e9s Sz\u00ednh\u00e1zi Tal\u00e1lkoz\u00f3\"}]},{\"@type\":\"WebSite\",\"@id\":\"https:\/\/olivetree.hu\/#website\",\"url\":\"https:\/\/olivetree.hu\/\",\"name\":\"Olive Tree Forest Cabin Original\",\"description\":\"Olive Tree Forest Cabin Original\",\"publisher\":{\"@id\":\"https:\/\/olivetree.hu\/#organization\"},\"potentialAction\":[{\"@type\":\"SearchAction\",\"target\":{\"@type\":\"EntryPoint\",\"urlTemplate\":\"https:\/\/olivetree.hu\/?s={search_term_string}\"},\"query-input\":{\"@type\":\"PropertyValueSpecification\",\"valueRequired\":true,\"valueName\":\"search_term_string\"}}],\"inLanguage\":\"en-US\"},{\"@type\":\"Organization\",\"@id\":\"https:\/\/olivetree.hu\/#organization\",\"name\":\"Olive Tree Forest Cabin Original\",\"url\":\"https:\/\/olivetree.hu\/\",\"logo\":{\"@type\":\"ImageObject\",\"inLanguage\":\"en-US\",\"@id\":\"https:\/\/olivetree.hu\/#\/schema\/logo\/image\/\",\"url\":\"http:\/\/olivetree.hu\/wp-content\/uploads\/2020\/06\/Logo-original.png\",\"contentUrl\":\"http:\/\/olivetree.hu\/wp-content\/uploads\/2020\/06\/Logo-original.png\",\"width\":500,\"height\":500,\"caption\":\"Olive Tree Forest Cabin Original\"},\"image\":{\"@id\":\"https:\/\/olivetree.hu\/#\/schema\/logo\/image\/\"}},{\"@type\":\"Person\",\"@id\":\"https:\/\/olivetree.hu\/#\/schema\/person\/d0ac742a88e68c4b1b669da78adf28de\",\"name\":\"joevasser\",\"image\":{\"@type\":\"ImageObject\",\"inLanguage\":\"en-US\",\"@id\":\"https:\/\/olivetree.hu\/#\/schema\/person\/image\/\",\"url\":\"https:\/\/secure.gravatar.com\/avatar\/4bd8fdc69eab20843f05aaf4c78d969c1795173a9afb12e2b72caf2894fc1eba?s=96&d=mm&r=g\",\"contentUrl\":\"https:\/\/secure.gravatar.com\/avatar\/4bd8fdc69eab20843f05aaf4c78d969c1795173a9afb12e2b72caf2894fc1eba?s=96&d=mm&r=g\",\"caption\":\"joevasser\"},\"url\":\"http:\/\/olivetree.hu\/en\/author\/joevasser\/\"}]}<\/script>\n<!-- \/ Yoast SEO plugin. -->","yoast_head_json":{"title":"V\u00e9N\u00e9gy Fesztiv\u00e1l \u00e9s Sz\u00ednh\u00e1zi Tal\u00e1lkoz\u00f3 - Olive Tree Forest Cabin Original","robots":{"index":"index","follow":"follow","max-snippet":"max-snippet:-1","max-image-preview":"max-image-preview:large","max-video-preview":"max-video-preview:-1"},"canonical":"http:\/\/olivetree.hu\/en\/venegy-fesztival-es-szinhazi-talalkozo\/","og_locale":"en_US","og_type":"article","og_title":"V\u00e9N\u00e9gy Fesztiv\u00e1l \u00e9s Sz\u00ednh\u00e1zi Tal\u00e1lkoz\u00f3 - Olive Tree Forest Cabin Original","og_description":"2025. j\u00falius 2-5. k\u00f6z\u00f6tt tizenkettedik alkalommal rendezik meg Nagymaroson. Ez a k\u00fcl\u00f6nleges rendezv\u00e9ny nemcsak zenei fesztiv\u00e1l, hanem a sz\u00ednh\u00e1z \u00e9s m\u00e1s m\u0171v\u00e9szeti form\u00e1k is fontos szerepet kapnak. A fesztiv\u00e1l nemzetk\u00f6zi&hellip;","og_url":"http:\/\/olivetree.hu\/en\/venegy-fesztival-es-szinhazi-talalkozo\/","og_site_name":"Olive Tree Forest Cabin Original","article_published_time":"2025-01-25T19:23:00+00:00","article_modified_time":"2025-01-31T20:54:14+00:00","og_image":[{"width":1360,"height":907,"url":"http:\/\/olivetree.hu\/wp-content\/uploads\/2025\/01\/2023-10-30.jpg","type":"image\/jpeg"}],"author":"joevasser","twitter_card":"summary_large_image","twitter_misc":{"Written by":"joevasser","Est. reading time":"1 minute"},"schema":{"@context":"https:\/\/schema.org","@graph":[{"@type":"Article","@id":"http:\/\/olivetree.hu\/en\/venegy-fesztival-es-szinhazi-talalkozo\/#article","isPartOf":{"@id":"http:\/\/olivetree.hu\/en\/venegy-fesztival-es-szinhazi-talalkozo\/"},"author":{"name":"joevasser","@id":"https:\/\/olivetree.hu\/#\/schema\/person\/d0ac742a88e68c4b1b669da78adf28de"},"headline":"V\u00e9N\u00e9gy Fesztiv\u00e1l \u00e9s Sz\u00ednh\u00e1zi Tal\u00e1lkoz\u00f3","datePublished":"2025-01-25T19:23:00+00:00","dateModified":"2025-01-31T20:54:14+00:00","mainEntityOfPage":{"@id":"http:\/\/olivetree.hu\/en\/venegy-fesztival-es-szinhazi-talalkozo\/"},"wordCount":144,"commentCount":0,"publisher":{"@id":"https:\/\/olivetree.hu\/#organization"},"image":{"@id":"http:\/\/olivetree.hu\/en\/venegy-fesztival-es-szinhazi-talalkozo\/#primaryimage"},"thumbnailUrl":"http:\/\/olivetree.hu\/wp-content\/uploads\/2025\/01\/2023-10-30.jpg","articleSection":["Blog"],"inLanguage":"en-US","potentialAction":[{"@type":"CommentAction","name":"Comment","target":["http:\/\/olivetree.hu\/en\/venegy-fesztival-es-szinhazi-talalkozo\/#respond"]}]},{"@type":"WebPage","@id":"http:\/\/olivetree.hu\/en\/venegy-fesztival-es-szinhazi-talalkozo\/","url":"http:\/\/olivetree.hu\/en\/venegy-fesztival-es-szinhazi-talalkozo\/","name":"V\u00e9N\u00e9gy Fesztiv\u00e1l \u00e9s Sz\u00ednh\u00e1zi Tal\u00e1lkoz\u00f3 - Olive Tree Forest Cabin Original","isPartOf":{"@id":"https:\/\/olivetree.hu\/#website"},"primaryImageOfPage":{"@id":"http:\/\/olivetree.hu\/en\/venegy-fesztival-es-szinhazi-talalkozo\/#primaryimage"},"image":{"@id":"http:\/\/olivetree.hu\/en\/venegy-fesztival-es-szinhazi-talalkozo\/#primaryimage"},"thumbnailUrl":"http:\/\/olivetree.hu\/wp-content\/uploads\/2025\/01\/2023-10-30.jpg","datePublished":"2025-01-25T19:23:00+00:00","dateModified":"2025-01-31T20:54:14+00:00","breadcrumb":{"@id":"http:\/\/olivetree.hu\/en\/venegy-fesztival-es-szinhazi-talalkozo\/#breadcrumb"},"inLanguage":"en-US","potentialAction":[{"@type":"ReadAction","target":["http:\/\/olivetree.hu\/en\/venegy-fesztival-es-szinhazi-talalkozo\/"]}]},{"@type":"ImageObject","inLanguage":"en-US","@id":"http:\/\/olivetree.hu\/en\/venegy-fesztival-es-szinhazi-talalkozo\/#primaryimage","url":"http:\/\/olivetree.hu\/wp-content\/uploads\/2025\/01\/2023-10-30.jpg","contentUrl":"http:\/\/olivetree.hu\/wp-content\/uploads\/2025\/01\/2023-10-30.jpg","width":1360,"height":907},{"@type":"BreadcrumbList","@id":"http:\/\/olivetree.hu\/en\/venegy-fesztival-es-szinhazi-talalkozo\/#breadcrumb","itemListElement":[{"@type":"ListItem","position":1,"name":"Home","item":"https:\/\/olivetree.hu\/"},{"@type":"ListItem","position":2,"name":"V\u00e9N\u00e9gy Fesztiv\u00e1l \u00e9s Sz\u00ednh\u00e1zi Tal\u00e1lkoz\u00f3"}]},{"@type":"WebSite","@id":"https:\/\/olivetree.hu\/#website","url":"https:\/\/olivetree.hu\/","name":"Olive Tree Forest Cabin Original","description":"Olive Tree Forest Cabin Original","publisher":{"@id":"https:\/\/olivetree.hu\/#organization"},"potentialAction":[{"@type":"SearchAction","target":{"@type":"EntryPoint","urlTemplate":"https:\/\/olivetree.hu\/?s={search_term_string}"},"query-input":{"@type":"PropertyValueSpecification","valueRequired":true,"valueName":"search_term_string"}}],"inLanguage":"en-US"},{"@type":"Organization","@id":"https:\/\/olivetree.hu\/#organization","name":"Olive Tree Forest Cabin Original","url":"https:\/\/olivetree.hu\/","logo":{"@type":"ImageObject","inLanguage":"en-US","@id":"https:\/\/olivetree.hu\/#\/schema\/logo\/image\/","url":"http:\/\/olivetree.hu\/wp-content\/uploads\/2020\/06\/Logo-original.png","contentUrl":"http:\/\/olivetree.hu\/wp-content\/uploads\/2020\/06\/Logo-original.png","width":500,"height":500,"caption":"Olive Tree Forest Cabin Original"},"image":{"@id":"https:\/\/olivetree.hu\/#\/schema\/logo\/image\/"}},{"@type":"Person","@id":"https:\/\/olivetree.hu\/#\/schema\/person\/d0ac742a88e68c4b1b669da78adf28de","name":"joevasser","image":{"@type":"ImageObject","inLanguage":"en-US","@id":"https:\/\/olivetree.hu\/#\/schema\/person\/image\/","url":"https:\/\/secure.gravatar.com\/avatar\/4bd8fdc69eab20843f05aaf4c78d969c1795173a9afb12e2b72caf2894fc1eba?s=96&d=mm&r=g","contentUrl":"https:\/\/secure.gravatar.com\/avatar\/4bd8fdc69eab20843f05aaf4c78d969c1795173a9afb12e2b72caf2894fc1eba?s=96&d=mm&r=g","caption":"joevasser"},"url":"http:\/\/olivetree.hu\/en\/author\/joevasser\/"}]}},"_links":{"self":[{"href":"http:\/\/olivetree.hu\/en\/wp-json\/wp\/v2\/posts\/42529","targetHints":{"allow":["GET"]}}],"collection":[{"href":"http:\/\/olivetree.hu\/en\/wp-json\/wp\/v2\/posts"}],"about":[{"href":"http:\/\/olivetree.hu\/en\/wp-json\/wp\/v2\/types\/post"}],"author":[{"embeddable":true,"href":"http:\/\/olivetree.hu\/en\/wp-json\/wp\/v2\/users\/2"}],"replies":[{"embeddable":true,"href":"http:\/\/olivetree.hu\/en\/wp-json\/wp\/v2\/comments?post=42529"}],"version-history":[{"count":8,"href":"http:\/\/olivetree.hu\/en\/wp-json\/wp\/v2\/posts\/42529\/revisions"}],"predecessor-version":[{"id":42546,"href":"http:\/\/olivetree.hu\/en\/wp-json\/wp\/v2\/posts\/42529\/revisions\/42546"}],"wp:featuredmedia":[{"embeddable":true,"href":"http:\/\/olivetree.hu\/en\/wp-json\/wp\/v2\/media\/42530"}],"wp:attachment":[{"href":"http:\/\/olivetree.hu\/en\/wp-json\/wp\/v2\/media?parent=42529"}],"wp:term":[{"taxonomy":"category","embeddable":true,"href":"http:\/\/olivetree.hu\/en\/wp-json\/wp\/v2\/categories?post=42529"},{"taxonomy":"post_tag","embeddable":true,"href":"http:\/\/olivetree.hu\/en\/wp-json\/wp\/v2\/tags?post=42529"}],"curies":[{"name":"wp","href":"https:\/\/api.w.org\/{rel}","templated":true}]}}