{"id":428,"date":"2024-10-30T17:19:00","date_gmt":"2024-10-30T17:19:00","guid":{"rendered":"https:\/\/olivetree.hu\/?p=428"},"modified":"2024-10-30T19:55:31","modified_gmt":"2024-10-30T19:55:31","slug":"szentmartonnapszentendre","status":"publish","type":"post","link":"http:\/\/olivetree.hu\/en\/szentmartonnapszentendre\/","title":{"rendered":"Szent M\u00e1rton \u00dajborfesztiv\u00e1l \u00e9s Libator a  szentendrei Skanzenben"},"content":{"rendered":"<p>A Szent M\u00e1rton \u00dajborfesztiv\u00e1l \u00e9s Libator november 9-10-\u00e9n v\u00e1rja a l\u00e1togat\u00f3kat a szentendrei Skanzenben. A hagyom\u00e1nyos M\u00e1rton-napi \u00fcnnepen finom \u00fajborok, \u00edzletes liba\u00e9telek, k\u00e9zm\u0171ves foglalkoz\u00e1sok, l\u00e1mp\u00e1s felvonul\u00e1s, mes\u00e9k \u00e9s t\u00e1nch\u00e1z gondoskodik a j\u00f3 hangulatr\u00f3l. Kultur\u00e1lis programok, n\u00e9pzenei el\u0151ad\u00e1sok \u00e9s k\u00e9zm\u0171ves v\u00e1s\u00e1r sz\u00ednes\u00edtik a rendezv\u00e9nyt, amely a fenntarthat\u00f3 konyh\u00e1ra \u00e9s az \u0151szi-t\u00e9li hagyom\u00e1nyokra is f\u00f3kusz\u00e1l. Tov\u00e1bbi inform\u00e1ci\u00f3k\u00e9rt \u00e9s r\u00e9szletek\u00e9rt l\u00e1togass el az al\u00e1bbi linkre: <a href=\"https:\/\/dunapartprogram.hu\/esemeny\/szent-marton-ujborfesztival-es-libator-a-skanzenben-4\/\">Szent M\u00e1rton \u00dajborfesztiv\u00e1l \u00e9s Libator a Skanzenben<\/a><br><\/p>\n\n\n\n<p><\/p>\n\n\n\n<p><\/p>\n\n\n\n\n\n<p><\/p>","protected":false},"excerpt":{"rendered":"<p>A Szent M\u00e1rton \u00dajborfesztiv\u00e1l \u00e9s Libator november 9-10-\u00e9n v\u00e1rja a l\u00e1togat\u00f3kat a szentendrei Skanzenben. A hagyom\u00e1nyos M\u00e1rton-napi \u00fcnnepen finom \u00fajborok, \u00edzletes liba\u00e9telek, k\u00e9zm\u0171ves foglalkoz\u00e1sok, l\u00e1mp\u00e1s felvonul\u00e1s, mes\u00e9k \u00e9s t\u00e1nch\u00e1z gondoskodik&hellip;<\/p>","protected":false},"author":1,"featured_media":42409,"comment_status":"open","ping_status":"open","sticky":false,"template":"","format":"standard","meta":{"footnotes":""},"categories":[268],"tags":[157,101,9],"class_list":["post-428","post","type-post","status-publish","format-standard","has-post-thumbnail","hentry","category-blog","tag-guide","tag-sea","tag-vacation"],"yoast_head":"<!-- This site is optimized with the Yoast SEO plugin v26.3 - https:\/\/yoast.com\/wordpress\/plugins\/seo\/ -->\n<title>Szent M\u00e1rton \u00dajborfesztiv\u00e1l \u00e9s Libator a szentendrei Skanzenben - Olive Tree Forest Cabin Original<\/title>\n<meta name=\"robots\" content=\"index, follow, max-snippet:-1, max-image-preview:large, max-video-preview:-1\" \/>\n<link rel=\"canonical\" href=\"http:\/\/olivetree.hu\/en\/szentmartonnapszentendre\/\" \/>\n<meta property=\"og:locale\" content=\"en_US\" \/>\n<meta property=\"og:type\" content=\"article\" \/>\n<meta property=\"og:title\" content=\"Szent M\u00e1rton \u00dajborfesztiv\u00e1l \u00e9s Libator a szentendrei Skanzenben - Olive Tree Forest Cabin Original\" \/>\n<meta property=\"og:description\" content=\"A Szent M\u00e1rton \u00dajborfesztiv\u00e1l \u00e9s Libator november 9-10-\u00e9n v\u00e1rja a l\u00e1togat\u00f3kat a szentendrei Skanzenben. A hagyom\u00e1nyos M\u00e1rton-napi \u00fcnnepen finom \u00fajborok, \u00edzletes liba\u00e9telek, k\u00e9zm\u0171ves foglalkoz\u00e1sok, l\u00e1mp\u00e1s felvonul\u00e1s, mes\u00e9k \u00e9s t\u00e1nch\u00e1z gondoskodik&hellip;\" \/>\n<meta property=\"og:url\" content=\"http:\/\/olivetree.hu\/en\/szentmartonnapszentendre\/\" \/>\n<meta property=\"og:site_name\" content=\"Olive Tree Forest Cabin Original\" \/>\n<meta property=\"article:published_time\" content=\"2024-10-30T17:19:00+00:00\" \/>\n<meta property=\"article:modified_time\" content=\"2024-10-30T19:55:31+00:00\" \/>\n<meta property=\"og:image\" content=\"http:\/\/olivetree.hu\/wp-content\/uploads\/2024\/07\/Szent-Marton-Ujborfesztival-es-Libator-a-Skanzenben-1.jpg\" \/>\n\t<meta property=\"og:image:width\" content=\"876\" \/>\n\t<meta property=\"og:image:height\" content=\"473\" \/>\n\t<meta property=\"og:image:type\" content=\"image\/jpeg\" \/>\n<meta name=\"author\" content=\"sbsid\" \/>\n<meta name=\"twitter:card\" content=\"summary_large_image\" \/>\n<meta name=\"twitter:label1\" content=\"Written by\" \/>\n\t<meta name=\"twitter:data1\" content=\"sbsid\" \/>\n\t<meta name=\"twitter:label2\" content=\"Est. reading time\" \/>\n\t<meta name=\"twitter:data2\" content=\"1 minute\" \/>\n<script type=\"application\/ld+json\" class=\"yoast-schema-graph\">{\"@context\":\"https:\/\/schema.org\",\"@graph\":[{\"@type\":\"Article\",\"@id\":\"http:\/\/olivetree.hu\/en\/szentmartonnapszentendre\/#article\",\"isPartOf\":{\"@id\":\"http:\/\/olivetree.hu\/en\/szentmartonnapszentendre\/\"},\"author\":{\"name\":\"sbsid\",\"@id\":\"https:\/\/olivetree.hu\/#\/schema\/person\/7610cff0da30acafafd8815050711a1e\"},\"headline\":\"Szent M\u00e1rton \u00dajborfesztiv\u00e1l \u00e9s Libator a szentendrei Skanzenben\",\"datePublished\":\"2024-10-30T17:19:00+00:00\",\"dateModified\":\"2024-10-30T19:55:31+00:00\",\"mainEntityOfPage\":{\"@id\":\"http:\/\/olivetree.hu\/en\/szentmartonnapszentendre\/\"},\"wordCount\":125,\"commentCount\":0,\"publisher\":{\"@id\":\"https:\/\/olivetree.hu\/#organization\"},\"image\":{\"@id\":\"http:\/\/olivetree.hu\/en\/szentmartonnapszentendre\/#primaryimage\"},\"thumbnailUrl\":\"http:\/\/olivetree.hu\/wp-content\/uploads\/2024\/07\/Szent-Marton-Ujborfesztival-es-Libator-a-Skanzenben-1.jpg\",\"keywords\":[\"Guide\",\"Sea\",\"Vacation\"],\"articleSection\":[\"Blog\"],\"inLanguage\":\"en-US\",\"potentialAction\":[{\"@type\":\"CommentAction\",\"name\":\"Comment\",\"target\":[\"http:\/\/olivetree.hu\/en\/szentmartonnapszentendre\/#respond\"]}]},{\"@type\":\"WebPage\",\"@id\":\"http:\/\/olivetree.hu\/en\/szentmartonnapszentendre\/\",\"url\":\"http:\/\/olivetree.hu\/en\/szentmartonnapszentendre\/\",\"name\":\"Szent M\u00e1rton \u00dajborfesztiv\u00e1l \u00e9s Libator a szentendrei Skanzenben - Olive Tree Forest Cabin Original\",\"isPartOf\":{\"@id\":\"https:\/\/olivetree.hu\/#website\"},\"primaryImageOfPage\":{\"@id\":\"http:\/\/olivetree.hu\/en\/szentmartonnapszentendre\/#primaryimage\"},\"image\":{\"@id\":\"http:\/\/olivetree.hu\/en\/szentmartonnapszentendre\/#primaryimage\"},\"thumbnailUrl\":\"http:\/\/olivetree.hu\/wp-content\/uploads\/2024\/07\/Szent-Marton-Ujborfesztival-es-Libator-a-Skanzenben-1.jpg\",\"datePublished\":\"2024-10-30T17:19:00+00:00\",\"dateModified\":\"2024-10-30T19:55:31+00:00\",\"breadcrumb\":{\"@id\":\"http:\/\/olivetree.hu\/en\/szentmartonnapszentendre\/#breadcrumb\"},\"inLanguage\":\"en-US\",\"potentialAction\":[{\"@type\":\"ReadAction\",\"target\":[\"http:\/\/olivetree.hu\/en\/szentmartonnapszentendre\/\"]}]},{\"@type\":\"ImageObject\",\"inLanguage\":\"en-US\",\"@id\":\"http:\/\/olivetree.hu\/en\/szentmartonnapszentendre\/#primaryimage\",\"url\":\"http:\/\/olivetree.hu\/wp-content\/uploads\/2024\/07\/Szent-Marton-Ujborfesztival-es-Libator-a-Skanzenben-1.jpg\",\"contentUrl\":\"http:\/\/olivetree.hu\/wp-content\/uploads\/2024\/07\/Szent-Marton-Ujborfesztival-es-Libator-a-Skanzenben-1.jpg\",\"width\":876,\"height\":473},{\"@type\":\"BreadcrumbList\",\"@id\":\"http:\/\/olivetree.hu\/en\/szentmartonnapszentendre\/#breadcrumb\",\"itemListElement\":[{\"@type\":\"ListItem\",\"position\":1,\"name\":\"Home\",\"item\":\"https:\/\/olivetree.hu\/\"},{\"@type\":\"ListItem\",\"position\":2,\"name\":\"Szent M\u00e1rton \u00dajborfesztiv\u00e1l \u00e9s Libator a szentendrei Skanzenben\"}]},{\"@type\":\"WebSite\",\"@id\":\"https:\/\/olivetree.hu\/#website\",\"url\":\"https:\/\/olivetree.hu\/\",\"name\":\"Olive Tree Forest Cabin Original\",\"description\":\"Olive Tree Forest Cabin Original\",\"publisher\":{\"@id\":\"https:\/\/olivetree.hu\/#organization\"},\"potentialAction\":[{\"@type\":\"SearchAction\",\"target\":{\"@type\":\"EntryPoint\",\"urlTemplate\":\"https:\/\/olivetree.hu\/?s={search_term_string}\"},\"query-input\":{\"@type\":\"PropertyValueSpecification\",\"valueRequired\":true,\"valueName\":\"search_term_string\"}}],\"inLanguage\":\"en-US\"},{\"@type\":\"Organization\",\"@id\":\"https:\/\/olivetree.hu\/#organization\",\"name\":\"Olive Tree Forest Cabin Original\",\"url\":\"https:\/\/olivetree.hu\/\",\"logo\":{\"@type\":\"ImageObject\",\"inLanguage\":\"en-US\",\"@id\":\"https:\/\/olivetree.hu\/#\/schema\/logo\/image\/\",\"url\":\"http:\/\/olivetree.hu\/wp-content\/uploads\/2020\/06\/Logo-original.png\",\"contentUrl\":\"http:\/\/olivetree.hu\/wp-content\/uploads\/2020\/06\/Logo-original.png\",\"width\":500,\"height\":500,\"caption\":\"Olive Tree Forest Cabin Original\"},\"image\":{\"@id\":\"https:\/\/olivetree.hu\/#\/schema\/logo\/image\/\"}},{\"@type\":\"Person\",\"@id\":\"https:\/\/olivetree.hu\/#\/schema\/person\/7610cff0da30acafafd8815050711a1e\",\"name\":\"sbsid\",\"image\":{\"@type\":\"ImageObject\",\"inLanguage\":\"en-US\",\"@id\":\"https:\/\/olivetree.hu\/#\/schema\/person\/image\/\",\"url\":\"https:\/\/secure.gravatar.com\/avatar\/8b3d147d93ae609ee652aad3faccd7250af07f2314f31988267a5a5f9dac2e48?s=96&d=mm&r=g\",\"contentUrl\":\"https:\/\/secure.gravatar.com\/avatar\/8b3d147d93ae609ee652aad3faccd7250af07f2314f31988267a5a5f9dac2e48?s=96&d=mm&r=g\",\"caption\":\"sbsid\"},\"sameAs\":[\"http:\/\/olivetree.hu\"],\"url\":\"http:\/\/olivetree.hu\/en\/author\/sbsid\/\"}]}<\/script>\n<!-- \/ Yoast SEO plugin. -->","yoast_head_json":{"title":"Szent M\u00e1rton \u00dajborfesztiv\u00e1l \u00e9s Libator a szentendrei Skanzenben - Olive Tree Forest Cabin Original","robots":{"index":"index","follow":"follow","max-snippet":"max-snippet:-1","max-image-preview":"max-image-preview:large","max-video-preview":"max-video-preview:-1"},"canonical":"http:\/\/olivetree.hu\/en\/szentmartonnapszentendre\/","og_locale":"en_US","og_type":"article","og_title":"Szent M\u00e1rton \u00dajborfesztiv\u00e1l \u00e9s Libator a szentendrei Skanzenben - Olive Tree Forest Cabin Original","og_description":"A Szent M\u00e1rton \u00dajborfesztiv\u00e1l \u00e9s Libator november 9-10-\u00e9n v\u00e1rja a l\u00e1togat\u00f3kat a szentendrei Skanzenben. A hagyom\u00e1nyos M\u00e1rton-napi \u00fcnnepen finom \u00fajborok, \u00edzletes liba\u00e9telek, k\u00e9zm\u0171ves foglalkoz\u00e1sok, l\u00e1mp\u00e1s felvonul\u00e1s, mes\u00e9k \u00e9s t\u00e1nch\u00e1z gondoskodik&hellip;","og_url":"http:\/\/olivetree.hu\/en\/szentmartonnapszentendre\/","og_site_name":"Olive Tree Forest Cabin Original","article_published_time":"2024-10-30T17:19:00+00:00","article_modified_time":"2024-10-30T19:55:31+00:00","og_image":[{"width":876,"height":473,"url":"http:\/\/olivetree.hu\/wp-content\/uploads\/2024\/07\/Szent-Marton-Ujborfesztival-es-Libator-a-Skanzenben-1.jpg","type":"image\/jpeg"}],"author":"sbsid","twitter_card":"summary_large_image","twitter_misc":{"Written by":"sbsid","Est. reading time":"1 minute"},"schema":{"@context":"https:\/\/schema.org","@graph":[{"@type":"Article","@id":"http:\/\/olivetree.hu\/en\/szentmartonnapszentendre\/#article","isPartOf":{"@id":"http:\/\/olivetree.hu\/en\/szentmartonnapszentendre\/"},"author":{"name":"sbsid","@id":"https:\/\/olivetree.hu\/#\/schema\/person\/7610cff0da30acafafd8815050711a1e"},"headline":"Szent M\u00e1rton \u00dajborfesztiv\u00e1l \u00e9s Libator a szentendrei Skanzenben","datePublished":"2024-10-30T17:19:00+00:00","dateModified":"2024-10-30T19:55:31+00:00","mainEntityOfPage":{"@id":"http:\/\/olivetree.hu\/en\/szentmartonnapszentendre\/"},"wordCount":125,"commentCount":0,"publisher":{"@id":"https:\/\/olivetree.hu\/#organization"},"image":{"@id":"http:\/\/olivetree.hu\/en\/szentmartonnapszentendre\/#primaryimage"},"thumbnailUrl":"http:\/\/olivetree.hu\/wp-content\/uploads\/2024\/07\/Szent-Marton-Ujborfesztival-es-Libator-a-Skanzenben-1.jpg","keywords":["Guide","Sea","Vacation"],"articleSection":["Blog"],"inLanguage":"en-US","potentialAction":[{"@type":"CommentAction","name":"Comment","target":["http:\/\/olivetree.hu\/en\/szentmartonnapszentendre\/#respond"]}]},{"@type":"WebPage","@id":"http:\/\/olivetree.hu\/en\/szentmartonnapszentendre\/","url":"http:\/\/olivetree.hu\/en\/szentmartonnapszentendre\/","name":"Szent M\u00e1rton \u00dajborfesztiv\u00e1l \u00e9s Libator a szentendrei Skanzenben - Olive Tree Forest Cabin Original","isPartOf":{"@id":"https:\/\/olivetree.hu\/#website"},"primaryImageOfPage":{"@id":"http:\/\/olivetree.hu\/en\/szentmartonnapszentendre\/#primaryimage"},"image":{"@id":"http:\/\/olivetree.hu\/en\/szentmartonnapszentendre\/#primaryimage"},"thumbnailUrl":"http:\/\/olivetree.hu\/wp-content\/uploads\/2024\/07\/Szent-Marton-Ujborfesztival-es-Libator-a-Skanzenben-1.jpg","datePublished":"2024-10-30T17:19:00+00:00","dateModified":"2024-10-30T19:55:31+00:00","breadcrumb":{"@id":"http:\/\/olivetree.hu\/en\/szentmartonnapszentendre\/#breadcrumb"},"inLanguage":"en-US","potentialAction":[{"@type":"ReadAction","target":["http:\/\/olivetree.hu\/en\/szentmartonnapszentendre\/"]}]},{"@type":"ImageObject","inLanguage":"en-US","@id":"http:\/\/olivetree.hu\/en\/szentmartonnapszentendre\/#primaryimage","url":"http:\/\/olivetree.hu\/wp-content\/uploads\/2024\/07\/Szent-Marton-Ujborfesztival-es-Libator-a-Skanzenben-1.jpg","contentUrl":"http:\/\/olivetree.hu\/wp-content\/uploads\/2024\/07\/Szent-Marton-Ujborfesztival-es-Libator-a-Skanzenben-1.jpg","width":876,"height":473},{"@type":"BreadcrumbList","@id":"http:\/\/olivetree.hu\/en\/szentmartonnapszentendre\/#breadcrumb","itemListElement":[{"@type":"ListItem","position":1,"name":"Home","item":"https:\/\/olivetree.hu\/"},{"@type":"ListItem","position":2,"name":"Szent M\u00e1rton \u00dajborfesztiv\u00e1l \u00e9s Libator a szentendrei Skanzenben"}]},{"@type":"WebSite","@id":"https:\/\/olivetree.hu\/#website","url":"https:\/\/olivetree.hu\/","name":"Olive Tree Forest Cabin Original","description":"Olive Tree Forest Cabin Original","publisher":{"@id":"https:\/\/olivetree.hu\/#organization"},"potentialAction":[{"@type":"SearchAction","target":{"@type":"EntryPoint","urlTemplate":"https:\/\/olivetree.hu\/?s={search_term_string}"},"query-input":{"@type":"PropertyValueSpecification","valueRequired":true,"valueName":"search_term_string"}}],"inLanguage":"en-US"},{"@type":"Organization","@id":"https:\/\/olivetree.hu\/#organization","name":"Olive Tree Forest Cabin Original","url":"https:\/\/olivetree.hu\/","logo":{"@type":"ImageObject","inLanguage":"en-US","@id":"https:\/\/olivetree.hu\/#\/schema\/logo\/image\/","url":"http:\/\/olivetree.hu\/wp-content\/uploads\/2020\/06\/Logo-original.png","contentUrl":"http:\/\/olivetree.hu\/wp-content\/uploads\/2020\/06\/Logo-original.png","width":500,"height":500,"caption":"Olive Tree Forest Cabin Original"},"image":{"@id":"https:\/\/olivetree.hu\/#\/schema\/logo\/image\/"}},{"@type":"Person","@id":"https:\/\/olivetree.hu\/#\/schema\/person\/7610cff0da30acafafd8815050711a1e","name":"sbsid","image":{"@type":"ImageObject","inLanguage":"en-US","@id":"https:\/\/olivetree.hu\/#\/schema\/person\/image\/","url":"https:\/\/secure.gravatar.com\/avatar\/8b3d147d93ae609ee652aad3faccd7250af07f2314f31988267a5a5f9dac2e48?s=96&d=mm&r=g","contentUrl":"https:\/\/secure.gravatar.com\/avatar\/8b3d147d93ae609ee652aad3faccd7250af07f2314f31988267a5a5f9dac2e48?s=96&d=mm&r=g","caption":"sbsid"},"sameAs":["http:\/\/olivetree.hu"],"url":"http:\/\/olivetree.hu\/en\/author\/sbsid\/"}]}},"_links":{"self":[{"href":"http:\/\/olivetree.hu\/en\/wp-json\/wp\/v2\/posts\/428","targetHints":{"allow":["GET"]}}],"collection":[{"href":"http:\/\/olivetree.hu\/en\/wp-json\/wp\/v2\/posts"}],"about":[{"href":"http:\/\/olivetree.hu\/en\/wp-json\/wp\/v2\/types\/post"}],"author":[{"embeddable":true,"href":"http:\/\/olivetree.hu\/en\/wp-json\/wp\/v2\/users\/1"}],"replies":[{"embeddable":true,"href":"http:\/\/olivetree.hu\/en\/wp-json\/wp\/v2\/comments?post=428"}],"version-history":[{"count":6,"href":"http:\/\/olivetree.hu\/en\/wp-json\/wp\/v2\/posts\/428\/revisions"}],"predecessor-version":[{"id":42411,"href":"http:\/\/olivetree.hu\/en\/wp-json\/wp\/v2\/posts\/428\/revisions\/42411"}],"wp:featuredmedia":[{"embeddable":true,"href":"http:\/\/olivetree.hu\/en\/wp-json\/wp\/v2\/media\/42409"}],"wp:attachment":[{"href":"http:\/\/olivetree.hu\/en\/wp-json\/wp\/v2\/media?parent=428"}],"wp:term":[{"taxonomy":"category","embeddable":true,"href":"http:\/\/olivetree.hu\/en\/wp-json\/wp\/v2\/categories?post=428"},{"taxonomy":"post_tag","embeddable":true,"href":"http:\/\/olivetree.hu\/en\/wp-json\/wp\/v2\/tags?post=428"}],"curies":[{"name":"wp","href":"https:\/\/api.w.org\/{rel}","templated":true}]}}