{"id":430,"date":"2024-10-30T20:13:16","date_gmt":"2024-10-30T20:13:16","guid":{"rendered":"https:\/\/olivetree.hu\/?p=430"},"modified":"2024-10-30T20:13:18","modified_gmt":"2024-10-30T20:13:18","slug":"vaciadvent","status":"publish","type":"post","link":"http:\/\/olivetree.hu\/en\/vaciadvent\/","title":{"rendered":"v\u00e1ci Adventi V\u00e1s\u00e1r"},"content":{"rendered":"<div data-elementor-type=\"wp-post\" data-elementor-id=\"430\" class=\"elementor elementor-430\">\n\t\t\t\t\t\t<section class=\"elementor-section elementor-top-section elementor-element elementor-element-7b9adcca elementor-section-boxed elementor-section-height-default elementor-section-height-default sc_fly_static\" data-id=\"7b9adcca\" data-element_type=\"section\">\n\t\t\t\t\t\t<div class=\"elementor-container elementor-column-gap-extended\">\n\t\t\t\t\t<div class=\"elementor-column elementor-col-100 elementor-top-column elementor-element elementor-element-34d1c204 sc_inner_width_none sc_content_align_inherit sc_layouts_column_icons_position_left sc_fly_static\" data-id=\"34d1c204\" data-element_type=\"column\">\n\t\t\t<div class=\"elementor-widget-wrap elementor-element-populated\">\n\t\t\t\t\t\t<div class=\"elementor-element elementor-element-36abc613 sc_fly_static elementor-widget elementor-widget-text-editor\" data-id=\"36abc613\" data-element_type=\"widget\" data-widget_type=\"text-editor.default\">\n\t\t\t\t<div class=\"elementor-widget-container\">\n\t\t\t\t\t\t\t\t\t\n<p>A V\u00e1ci Adventi V\u00e1s\u00e1r 2024. november 30-t\u00f3l 2025. janu\u00e1r 5-ig lesz l\u00e1togathat\u00f3 V\u00e1c f\u0151ter\u00e9n, ahol \u00fcnnepi dekor\u00e1ci\u00f3val, k\u00e9zm\u0171ves term\u00e9kekkel \u00e9s finom \u00e9telekkel v\u00e1rj\u00e1k a l\u00e1togat\u00f3kat. A kar\u00e1csonyi hangulatot a helysz\u00ednen k\u00e9zm\u0171ves b\u00f3d\u00e9k, helyi finoms\u00e1gok, forr\u00f3 italok, \u00e9s csal\u00e1di programok biztos\u00edtj\u00e1k. Minden adventi h\u00e9tv\u00e9g\u00e9n v\u00e1ltozatos m\u0171sorok is lesznek, \u00edgy a v\u00e1s\u00e1r kellemes kikapcsol\u00f3d\u00e1st \u00edg\u00e9r a bar\u00e1tokkal vagy csal\u00e1ddal \u00e9rkez\u0151knek.<\/p>\n<p>Tov\u00e1bbi inform\u00e1ci\u00f3k\u00e9rt kattints <a href=\"https:\/\/szallas.hu\/programok\/vaci-adventi-vasar-2024-vac-p3446\" target=\"_new\" rel=\"noopener\">ide<\/a>.<\/p>\n\t\t\t\t\t\t\t\t<\/div>\n\t\t\t\t<\/div>\n\t\t\t\t\t<\/div>\n\t\t<\/div>\n\t\t\t\t\t<\/div>\n\t\t<\/section>\n\t\t\t\t<\/div>","protected":false},"excerpt":{"rendered":"<p>A V\u00e1ci Adventi V\u00e1s\u00e1r 2024. november 30-t\u00f3l 2025. janu\u00e1r 5-ig lesz l\u00e1togathat\u00f3 V\u00e1c f\u0151ter\u00e9n, ahol \u00fcnnepi dekor\u00e1ci\u00f3val, k\u00e9zm\u0171ves term\u00e9kekkel \u00e9s finom \u00e9telekkel v\u00e1rj\u00e1k a l\u00e1togat\u00f3kat. A kar\u00e1csonyi hangulatot a helysz\u00ednen&hellip;<\/p>","protected":false},"author":1,"featured_media":42412,"comment_status":"open","ping_status":"open","sticky":false,"template":"","format":"standard","meta":{"footnotes":""},"categories":[268],"tags":[158,155,165],"class_list":["post-430","post","type-post","status-publish","format-standard","has-post-thumbnail","hentry","category-blog","tag-booking","tag-hotel","tag-world"],"yoast_head":"<!-- This site is optimized with the Yoast SEO plugin v26.3 - https:\/\/yoast.com\/wordpress\/plugins\/seo\/ -->\n<title>v\u00e1ci Adventi V\u00e1s\u00e1r - Olive Tree Forest Cabin Original<\/title>\n<meta name=\"robots\" content=\"index, follow, max-snippet:-1, max-image-preview:large, max-video-preview:-1\" \/>\n<link rel=\"canonical\" href=\"http:\/\/olivetree.hu\/en\/vaciadvent\/\" \/>\n<meta property=\"og:locale\" content=\"en_US\" \/>\n<meta property=\"og:type\" content=\"article\" \/>\n<meta property=\"og:title\" content=\"v\u00e1ci Adventi V\u00e1s\u00e1r - Olive Tree Forest Cabin Original\" \/>\n<meta property=\"og:description\" content=\"A V\u00e1ci Adventi V\u00e1s\u00e1r 2024. november 30-t\u00f3l 2025. janu\u00e1r 5-ig lesz l\u00e1togathat\u00f3 V\u00e1c f\u0151ter\u00e9n, ahol \u00fcnnepi dekor\u00e1ci\u00f3val, k\u00e9zm\u0171ves term\u00e9kekkel \u00e9s finom \u00e9telekkel v\u00e1rj\u00e1k a l\u00e1togat\u00f3kat. A kar\u00e1csonyi hangulatot a helysz\u00ednen&hellip;\" \/>\n<meta property=\"og:url\" content=\"http:\/\/olivetree.hu\/en\/vaciadvent\/\" \/>\n<meta property=\"og:site_name\" content=\"Olive Tree Forest Cabin Original\" \/>\n<meta property=\"article:published_time\" content=\"2024-10-30T20:13:16+00:00\" \/>\n<meta property=\"article:modified_time\" content=\"2024-10-30T20:13:18+00:00\" \/>\n<meta property=\"og:image\" content=\"http:\/\/olivetree.hu\/wp-content\/uploads\/2024\/07\/77907.jpg\" \/>\n\t<meta property=\"og:image:width\" content=\"2048\" \/>\n\t<meta property=\"og:image:height\" content=\"1536\" \/>\n\t<meta property=\"og:image:type\" content=\"image\/jpeg\" \/>\n<meta name=\"author\" content=\"sbsid\" \/>\n<meta name=\"twitter:card\" content=\"summary_large_image\" \/>\n<meta name=\"twitter:label1\" content=\"Written by\" \/>\n\t<meta name=\"twitter:data1\" content=\"sbsid\" \/>\n\t<meta name=\"twitter:label2\" content=\"Est. reading time\" \/>\n\t<meta name=\"twitter:data2\" content=\"1 minute\" \/>\n<script type=\"application\/ld+json\" class=\"yoast-schema-graph\">{\"@context\":\"https:\/\/schema.org\",\"@graph\":[{\"@type\":\"Article\",\"@id\":\"http:\/\/olivetree.hu\/en\/vaciadvent\/#article\",\"isPartOf\":{\"@id\":\"http:\/\/olivetree.hu\/en\/vaciadvent\/\"},\"author\":{\"name\":\"sbsid\",\"@id\":\"https:\/\/olivetree.hu\/#\/schema\/person\/7610cff0da30acafafd8815050711a1e\"},\"headline\":\"v\u00e1ci Adventi V\u00e1s\u00e1r\",\"datePublished\":\"2024-10-30T20:13:16+00:00\",\"dateModified\":\"2024-10-30T20:13:18+00:00\",\"mainEntityOfPage\":{\"@id\":\"http:\/\/olivetree.hu\/en\/vaciadvent\/\"},\"wordCount\":111,\"commentCount\":0,\"publisher\":{\"@id\":\"https:\/\/olivetree.hu\/#organization\"},\"image\":{\"@id\":\"http:\/\/olivetree.hu\/en\/vaciadvent\/#primaryimage\"},\"thumbnailUrl\":\"http:\/\/olivetree.hu\/wp-content\/uploads\/2024\/07\/77907.jpg\",\"keywords\":[\"Booking\",\"Hotel\",\"World\"],\"articleSection\":[\"Blog\"],\"inLanguage\":\"en-US\",\"potentialAction\":[{\"@type\":\"CommentAction\",\"name\":\"Comment\",\"target\":[\"http:\/\/olivetree.hu\/en\/vaciadvent\/#respond\"]}]},{\"@type\":\"WebPage\",\"@id\":\"http:\/\/olivetree.hu\/en\/vaciadvent\/\",\"url\":\"http:\/\/olivetree.hu\/en\/vaciadvent\/\",\"name\":\"v\u00e1ci Adventi V\u00e1s\u00e1r - Olive Tree Forest Cabin Original\",\"isPartOf\":{\"@id\":\"https:\/\/olivetree.hu\/#website\"},\"primaryImageOfPage\":{\"@id\":\"http:\/\/olivetree.hu\/en\/vaciadvent\/#primaryimage\"},\"image\":{\"@id\":\"http:\/\/olivetree.hu\/en\/vaciadvent\/#primaryimage\"},\"thumbnailUrl\":\"http:\/\/olivetree.hu\/wp-content\/uploads\/2024\/07\/77907.jpg\",\"datePublished\":\"2024-10-30T20:13:16+00:00\",\"dateModified\":\"2024-10-30T20:13:18+00:00\",\"breadcrumb\":{\"@id\":\"http:\/\/olivetree.hu\/en\/vaciadvent\/#breadcrumb\"},\"inLanguage\":\"en-US\",\"potentialAction\":[{\"@type\":\"ReadAction\",\"target\":[\"http:\/\/olivetree.hu\/en\/vaciadvent\/\"]}]},{\"@type\":\"ImageObject\",\"inLanguage\":\"en-US\",\"@id\":\"http:\/\/olivetree.hu\/en\/vaciadvent\/#primaryimage\",\"url\":\"http:\/\/olivetree.hu\/wp-content\/uploads\/2024\/07\/77907.jpg\",\"contentUrl\":\"http:\/\/olivetree.hu\/wp-content\/uploads\/2024\/07\/77907.jpg\",\"width\":2048,\"height\":1536},{\"@type\":\"BreadcrumbList\",\"@id\":\"http:\/\/olivetree.hu\/en\/vaciadvent\/#breadcrumb\",\"itemListElement\":[{\"@type\":\"ListItem\",\"position\":1,\"name\":\"Home\",\"item\":\"https:\/\/olivetree.hu\/\"},{\"@type\":\"ListItem\",\"position\":2,\"name\":\"v\u00e1ci Adventi V\u00e1s\u00e1r\"}]},{\"@type\":\"WebSite\",\"@id\":\"https:\/\/olivetree.hu\/#website\",\"url\":\"https:\/\/olivetree.hu\/\",\"name\":\"Olive Tree Forest Cabin Original\",\"description\":\"Olive Tree Forest Cabin Original\",\"publisher\":{\"@id\":\"https:\/\/olivetree.hu\/#organization\"},\"potentialAction\":[{\"@type\":\"SearchAction\",\"target\":{\"@type\":\"EntryPoint\",\"urlTemplate\":\"https:\/\/olivetree.hu\/?s={search_term_string}\"},\"query-input\":{\"@type\":\"PropertyValueSpecification\",\"valueRequired\":true,\"valueName\":\"search_term_string\"}}],\"inLanguage\":\"en-US\"},{\"@type\":\"Organization\",\"@id\":\"https:\/\/olivetree.hu\/#organization\",\"name\":\"Olive Tree Forest Cabin Original\",\"url\":\"https:\/\/olivetree.hu\/\",\"logo\":{\"@type\":\"ImageObject\",\"inLanguage\":\"en-US\",\"@id\":\"https:\/\/olivetree.hu\/#\/schema\/logo\/image\/\",\"url\":\"http:\/\/olivetree.hu\/wp-content\/uploads\/2020\/06\/Logo-original.png\",\"contentUrl\":\"http:\/\/olivetree.hu\/wp-content\/uploads\/2020\/06\/Logo-original.png\",\"width\":500,\"height\":500,\"caption\":\"Olive Tree Forest Cabin Original\"},\"image\":{\"@id\":\"https:\/\/olivetree.hu\/#\/schema\/logo\/image\/\"}},{\"@type\":\"Person\",\"@id\":\"https:\/\/olivetree.hu\/#\/schema\/person\/7610cff0da30acafafd8815050711a1e\",\"name\":\"sbsid\",\"image\":{\"@type\":\"ImageObject\",\"inLanguage\":\"en-US\",\"@id\":\"https:\/\/olivetree.hu\/#\/schema\/person\/image\/\",\"url\":\"https:\/\/secure.gravatar.com\/avatar\/8b3d147d93ae609ee652aad3faccd7250af07f2314f31988267a5a5f9dac2e48?s=96&d=mm&r=g\",\"contentUrl\":\"https:\/\/secure.gravatar.com\/avatar\/8b3d147d93ae609ee652aad3faccd7250af07f2314f31988267a5a5f9dac2e48?s=96&d=mm&r=g\",\"caption\":\"sbsid\"},\"sameAs\":[\"http:\/\/olivetree.hu\"],\"url\":\"http:\/\/olivetree.hu\/en\/author\/sbsid\/\"}]}<\/script>\n<!-- \/ Yoast SEO plugin. -->","yoast_head_json":{"title":"v\u00e1ci Adventi V\u00e1s\u00e1r - Olive Tree Forest Cabin Original","robots":{"index":"index","follow":"follow","max-snippet":"max-snippet:-1","max-image-preview":"max-image-preview:large","max-video-preview":"max-video-preview:-1"},"canonical":"http:\/\/olivetree.hu\/en\/vaciadvent\/","og_locale":"en_US","og_type":"article","og_title":"v\u00e1ci Adventi V\u00e1s\u00e1r - Olive Tree Forest Cabin Original","og_description":"A V\u00e1ci Adventi V\u00e1s\u00e1r 2024. november 30-t\u00f3l 2025. janu\u00e1r 5-ig lesz l\u00e1togathat\u00f3 V\u00e1c f\u0151ter\u00e9n, ahol \u00fcnnepi dekor\u00e1ci\u00f3val, k\u00e9zm\u0171ves term\u00e9kekkel \u00e9s finom \u00e9telekkel v\u00e1rj\u00e1k a l\u00e1togat\u00f3kat. A kar\u00e1csonyi hangulatot a helysz\u00ednen&hellip;","og_url":"http:\/\/olivetree.hu\/en\/vaciadvent\/","og_site_name":"Olive Tree Forest Cabin Original","article_published_time":"2024-10-30T20:13:16+00:00","article_modified_time":"2024-10-30T20:13:18+00:00","og_image":[{"width":2048,"height":1536,"url":"http:\/\/olivetree.hu\/wp-content\/uploads\/2024\/07\/77907.jpg","type":"image\/jpeg"}],"author":"sbsid","twitter_card":"summary_large_image","twitter_misc":{"Written by":"sbsid","Est. reading time":"1 minute"},"schema":{"@context":"https:\/\/schema.org","@graph":[{"@type":"Article","@id":"http:\/\/olivetree.hu\/en\/vaciadvent\/#article","isPartOf":{"@id":"http:\/\/olivetree.hu\/en\/vaciadvent\/"},"author":{"name":"sbsid","@id":"https:\/\/olivetree.hu\/#\/schema\/person\/7610cff0da30acafafd8815050711a1e"},"headline":"v\u00e1ci Adventi V\u00e1s\u00e1r","datePublished":"2024-10-30T20:13:16+00:00","dateModified":"2024-10-30T20:13:18+00:00","mainEntityOfPage":{"@id":"http:\/\/olivetree.hu\/en\/vaciadvent\/"},"wordCount":111,"commentCount":0,"publisher":{"@id":"https:\/\/olivetree.hu\/#organization"},"image":{"@id":"http:\/\/olivetree.hu\/en\/vaciadvent\/#primaryimage"},"thumbnailUrl":"http:\/\/olivetree.hu\/wp-content\/uploads\/2024\/07\/77907.jpg","keywords":["Booking","Hotel","World"],"articleSection":["Blog"],"inLanguage":"en-US","potentialAction":[{"@type":"CommentAction","name":"Comment","target":["http:\/\/olivetree.hu\/en\/vaciadvent\/#respond"]}]},{"@type":"WebPage","@id":"http:\/\/olivetree.hu\/en\/vaciadvent\/","url":"http:\/\/olivetree.hu\/en\/vaciadvent\/","name":"v\u00e1ci Adventi V\u00e1s\u00e1r - Olive Tree Forest Cabin Original","isPartOf":{"@id":"https:\/\/olivetree.hu\/#website"},"primaryImageOfPage":{"@id":"http:\/\/olivetree.hu\/en\/vaciadvent\/#primaryimage"},"image":{"@id":"http:\/\/olivetree.hu\/en\/vaciadvent\/#primaryimage"},"thumbnailUrl":"http:\/\/olivetree.hu\/wp-content\/uploads\/2024\/07\/77907.jpg","datePublished":"2024-10-30T20:13:16+00:00","dateModified":"2024-10-30T20:13:18+00:00","breadcrumb":{"@id":"http:\/\/olivetree.hu\/en\/vaciadvent\/#breadcrumb"},"inLanguage":"en-US","potentialAction":[{"@type":"ReadAction","target":["http:\/\/olivetree.hu\/en\/vaciadvent\/"]}]},{"@type":"ImageObject","inLanguage":"en-US","@id":"http:\/\/olivetree.hu\/en\/vaciadvent\/#primaryimage","url":"http:\/\/olivetree.hu\/wp-content\/uploads\/2024\/07\/77907.jpg","contentUrl":"http:\/\/olivetree.hu\/wp-content\/uploads\/2024\/07\/77907.jpg","width":2048,"height":1536},{"@type":"BreadcrumbList","@id":"http:\/\/olivetree.hu\/en\/vaciadvent\/#breadcrumb","itemListElement":[{"@type":"ListItem","position":1,"name":"Home","item":"https:\/\/olivetree.hu\/"},{"@type":"ListItem","position":2,"name":"v\u00e1ci Adventi V\u00e1s\u00e1r"}]},{"@type":"WebSite","@id":"https:\/\/olivetree.hu\/#website","url":"https:\/\/olivetree.hu\/","name":"Olive Tree Forest Cabin Original","description":"Olive Tree Forest Cabin Original","publisher":{"@id":"https:\/\/olivetree.hu\/#organization"},"potentialAction":[{"@type":"SearchAction","target":{"@type":"EntryPoint","urlTemplate":"https:\/\/olivetree.hu\/?s={search_term_string}"},"query-input":{"@type":"PropertyValueSpecification","valueRequired":true,"valueName":"search_term_string"}}],"inLanguage":"en-US"},{"@type":"Organization","@id":"https:\/\/olivetree.hu\/#organization","name":"Olive Tree Forest Cabin Original","url":"https:\/\/olivetree.hu\/","logo":{"@type":"ImageObject","inLanguage":"en-US","@id":"https:\/\/olivetree.hu\/#\/schema\/logo\/image\/","url":"http:\/\/olivetree.hu\/wp-content\/uploads\/2020\/06\/Logo-original.png","contentUrl":"http:\/\/olivetree.hu\/wp-content\/uploads\/2020\/06\/Logo-original.png","width":500,"height":500,"caption":"Olive Tree Forest Cabin Original"},"image":{"@id":"https:\/\/olivetree.hu\/#\/schema\/logo\/image\/"}},{"@type":"Person","@id":"https:\/\/olivetree.hu\/#\/schema\/person\/7610cff0da30acafafd8815050711a1e","name":"sbsid","image":{"@type":"ImageObject","inLanguage":"en-US","@id":"https:\/\/olivetree.hu\/#\/schema\/person\/image\/","url":"https:\/\/secure.gravatar.com\/avatar\/8b3d147d93ae609ee652aad3faccd7250af07f2314f31988267a5a5f9dac2e48?s=96&d=mm&r=g","contentUrl":"https:\/\/secure.gravatar.com\/avatar\/8b3d147d93ae609ee652aad3faccd7250af07f2314f31988267a5a5f9dac2e48?s=96&d=mm&r=g","caption":"sbsid"},"sameAs":["http:\/\/olivetree.hu"],"url":"http:\/\/olivetree.hu\/en\/author\/sbsid\/"}]}},"_links":{"self":[{"href":"http:\/\/olivetree.hu\/en\/wp-json\/wp\/v2\/posts\/430","targetHints":{"allow":["GET"]}}],"collection":[{"href":"http:\/\/olivetree.hu\/en\/wp-json\/wp\/v2\/posts"}],"about":[{"href":"http:\/\/olivetree.hu\/en\/wp-json\/wp\/v2\/types\/post"}],"author":[{"embeddable":true,"href":"http:\/\/olivetree.hu\/en\/wp-json\/wp\/v2\/users\/1"}],"replies":[{"embeddable":true,"href":"http:\/\/olivetree.hu\/en\/wp-json\/wp\/v2\/comments?post=430"}],"version-history":[{"count":6,"href":"http:\/\/olivetree.hu\/en\/wp-json\/wp\/v2\/posts\/430\/revisions"}],"predecessor-version":[{"id":42422,"href":"http:\/\/olivetree.hu\/en\/wp-json\/wp\/v2\/posts\/430\/revisions\/42422"}],"wp:featuredmedia":[{"embeddable":true,"href":"http:\/\/olivetree.hu\/en\/wp-json\/wp\/v2\/media\/42412"}],"wp:attachment":[{"href":"http:\/\/olivetree.hu\/en\/wp-json\/wp\/v2\/media?parent=430"}],"wp:term":[{"taxonomy":"category","embeddable":true,"href":"http:\/\/olivetree.hu\/en\/wp-json\/wp\/v2\/categories?post=430"},{"taxonomy":"post_tag","embeddable":true,"href":"http:\/\/olivetree.hu\/en\/wp-json\/wp\/v2\/tags?post=430"}],"curies":[{"name":"wp","href":"https:\/\/api.w.org\/{rel}","templated":true}]}}